{"id":445,"date":"2018-07-25T15:33:24","date_gmt":"2018-07-25T13:33:24","guid":{"rendered":"http:\/\/anaisinparis.com\/blog\/?p=445"},"modified":"2018-08-25T15:01:09","modified_gmt":"2018-08-25T13:01:09","slug":"le-memoire-la-naissance-dun-projet","status":"publish","type":"post","link":"https:\/\/anaisinparis.com\/blog\/index.php\/2018\/07\/25\/le-memoire-la-naissance-dun-projet\/","title":{"rendered":"Le m\u00e9moire : la naissance d&rsquo;un projet."},"content":{"rendered":"<h3>Projet d&rsquo;\u00e9tablissement d&rsquo;accueil de la petite enfance.<\/h3>\n<p>Au cours de mon master en architecture, l&rsquo;exercice de la r\u00e9daction du m\u00e9moire s&rsquo;est \u00e9tal\u00e9 sur 18 mois, cela a \u00e9t\u00e9 un travail extr\u00eamement enrichissant qui m&rsquo;a permis de faire aboutir ma r\u00e9flexion au c\u0153ur d&rsquo;un projet d&rsquo;architecture pour l&rsquo;enfance et de proposer l&rsquo;\u00e9veil par l&rsquo;espace.<\/p>\n<p>En effet, la r\u00e9flexion de mon m\u00e9moire s&rsquo;est \u00e9labor\u00e9e \u00e0 partir d&rsquo;un constat que j&rsquo;ai pu faire \u00e0 la suite d&rsquo;une exp\u00e9rience professionnelle au c\u0153ur de l&rsquo;am\u00e9nagement des cr\u00e8ches. A l&rsquo;origine d&rsquo;un projet d&rsquo;\u00e9tablissement d\u00e9di\u00e9 \u00e0 la petite enfance se trouve un projet p\u00e9dagogique sur lequel les diff\u00e9rentes parties (commanditaire et autorit\u00e9s comp\u00e9tentes) s&rsquo;accordent en amont sur la r\u00e9daction d&rsquo;un cahier des charges. Ce premier document se base sur le d\u00e9veloppement de l&rsquo;enfant et la mise en place d&rsquo;outil facteur de d\u00e9veloppement et de bien-\u00eatre de l&rsquo;enfant, pour l&rsquo;enfant. Il s&rsquo;agit d&rsquo;un document qualitatif \u00e0 la suite duquel un cahier des charges quantitatif en terme d&rsquo;espace va \u00eatre r\u00e9dig\u00e9.<\/p>\n<p>Mon constat se porte sur la perte qualitative qui s&rsquo;op\u00e8re lors de la mat\u00e9rialisation du projet. C&rsquo;est pourquoi j&rsquo;ai souhait\u00e9 proposer une interpr\u00e9tation architecturale du projet p\u00e9dagogique, afin de consid\u00e9rer l&rsquo;architecture comme un outil p\u00e9dagogique qui participe au d\u00e9veloppement de l&rsquo;enfant, et non plus comme une bo\u00eete dimensionn\u00e9e pour les activit\u00e9s qui vont y prendre racine. C&rsquo;est alors qu&rsquo;une autre r\u00e9flexion peut s&rsquo;op\u00e9rer. La prise en compte des rapports d&rsquo;\u00e9chelle entre l&rsquo;enfant et l&rsquo;adulte, c&rsquo;est tout son rapport \u00e0 l&rsquo;espace qui doit \u00eatre r\u00e9-\u00e9valu\u00e9 en fonction de ses besoins.<\/p>\n<p>Mes conclusion \u00e9tablies, j&rsquo;ai choisi d&rsquo;appliquer ma r\u00e9flexion et de l&rsquo;amener plus loin encore dans la mat\u00e9rialisation d&rsquo;un projet architectural. C&rsquo;est le projet que j&rsquo;ai choisi de mener au cours de mon dernier semestre de Master en tant que projet de fin d&rsquo;\u00e9tude (PFE) et qui vient comme l&rsquo;aboutissement et l&rsquo;obtention de mon dipl\u00f4me en architecture.<\/p>\n<p>Ce projet vient s&rsquo;implanter dans une banlieue parisienne qui va \u00eatre amen\u00e9e \u00e0 se d\u00e9velopper dans un futur proche : Chelles (77). J&rsquo;ai pu identifier cette commune et un site par une s\u00e9rie d&rsquo;analyse urbaine. Ce qui a abouti \u00e0 <a href=\"http:\/\/anaisinparis.com\/blog\/index.php\/architecture\/etablissement-daccueil-de-la-petite-enfance\/\">un projet d&rsquo;\u00e9tablissement d&rsquo;accueil de la petite enfance<\/a>.<\/p>\n<figure id=\"attachment_514\" aria-describedby=\"caption-attachment-514\" style=\"width: 700px\" class=\"wp-caption aligncenter\"><a href=\"http:\/\/anaisinparis.com\/blog\/index.php\/architecture\/etablissement-daccueil-de-la-petite-enfance\/\"><img loading=\"lazy\" decoding=\"async\" class=\"wp-image-514 size-large\" src=\"http:\/\/anaisinparis.com\/blog\/wp-content\/uploads\/2018\/08\/M2S10_PFE_esquisse01-e1535201960506-700x700.jpg\" alt=\"\" width=\"700\" height=\"700\" srcset=\"https:\/\/anaisinparis.com\/blog\/wp-content\/uploads\/2018\/08\/M2S10_PFE_esquisse01-e1535201960506-700x700.jpg 700w, https:\/\/anaisinparis.com\/blog\/wp-content\/uploads\/2018\/08\/M2S10_PFE_esquisse01-e1535201960506-150x150.jpg 150w, https:\/\/anaisinparis.com\/blog\/wp-content\/uploads\/2018\/08\/M2S10_PFE_esquisse01-e1535201960506-300x300.jpg 300w, https:\/\/anaisinparis.com\/blog\/wp-content\/uploads\/2018\/08\/M2S10_PFE_esquisse01-e1535201960506-768x768.jpg 768w\" sizes=\"auto, (max-width: 700px) 100vw, 700px\" \/><\/a><figcaption id=\"caption-attachment-514\" class=\"wp-caption-text\">Esquisse du projet d&rsquo;\u00e9tablissement d&rsquo;accueil de la petite enfance &#8211; Juillet 2018<\/figcaption><\/figure>\n<p>&nbsp;<\/p>\n<p>&nbsp;<\/p>\n","protected":false},"excerpt":{"rendered":"<p>Projet d&rsquo;\u00e9tablissement d&rsquo;accueil de la petite enfance. Au cours de mon master en architecture, l&rsquo;exercice&#8230;<\/p>\n<div class=\"more-link-wrapper\"><a class=\"more-link\" href=\"https:\/\/anaisinparis.com\/blog\/index.php\/2018\/07\/25\/le-memoire-la-naissance-dun-projet\/\">Read the post<span class=\"screen-reader-text\">Le m\u00e9moire : la naissance d&rsquo;un projet.<\/span><\/a><\/div>\n","protected":false},"author":1,"featured_media":480,"comment_status":"open","ping_status":"open","sticky":false,"template":"","format":"standard","meta":{"iawp_total_views":33,"footnotes":""},"categories":[9,12],"tags":[8,15,14,13],"class_list":["post-445","post","type-post","status-publish","format-standard","has-post-thumbnail","hentry","category-architecture","category-memoire","tag-architecture","tag-creche","tag-master","tag-memoire","excerpt","full-without-featured","even","excerpt-0"],"_links":{"self":[{"href":"https:\/\/anaisinparis.com\/blog\/index.php\/wp-json\/wp\/v2\/posts\/445","targetHints":{"allow":["GET"]}}],"collection":[{"href":"https:\/\/anaisinparis.com\/blog\/index.php\/wp-json\/wp\/v2\/posts"}],"about":[{"href":"https:\/\/anaisinparis.com\/blog\/index.php\/wp-json\/wp\/v2\/types\/post"}],"author":[{"embeddable":true,"href":"https:\/\/anaisinparis.com\/blog\/index.php\/wp-json\/wp\/v2\/users\/1"}],"replies":[{"embeddable":true,"href":"https:\/\/anaisinparis.com\/blog\/index.php\/wp-json\/wp\/v2\/comments?post=445"}],"version-history":[{"count":9,"href":"https:\/\/anaisinparis.com\/blog\/index.php\/wp-json\/wp\/v2\/posts\/445\/revisions"}],"predecessor-version":[{"id":573,"href":"https:\/\/anaisinparis.com\/blog\/index.php\/wp-json\/wp\/v2\/posts\/445\/revisions\/573"}],"wp:featuredmedia":[{"embeddable":true,"href":"https:\/\/anaisinparis.com\/blog\/index.php\/wp-json\/wp\/v2\/media\/480"}],"wp:attachment":[{"href":"https:\/\/anaisinparis.com\/blog\/index.php\/wp-json\/wp\/v2\/media?parent=445"}],"wp:term":[{"taxonomy":"category","embeddable":true,"href":"https:\/\/anaisinparis.com\/blog\/index.php\/wp-json\/wp\/v2\/categories?post=445"},{"taxonomy":"post_tag","embeddable":true,"href":"https:\/\/anaisinparis.com\/blog\/index.php\/wp-json\/wp\/v2\/tags?post=445"}],"curies":[{"name":"wp","href":"https:\/\/api.w.org\/{rel}","templated":true}]}}